[{"command":"insert","method":"html","selector":"#block-venice-content","data":"\u003Cspan id=\u0022hidden-result-count\u0022 class=\u0022visually-hidden\u0022\u003E93\u003C\/span\u003E\n\n                                    \u003Cul class=\u0022posts\u0022\u003E\u003Cli\u003E \u003Ca class=\u0022post-link \u0022  href=\u0022\/job\/full-time-faculty-position-at-national-chung-hsing-university-1553424\u0022 ga-on=\u0022click,auxclick,contextmenu\u0022 ga-event-label=\u0022\/job\/full-time-faculty-position-at-national-chung-hsing-university-1553424\u0022\nga-event-category=\u0022Organic Link\u0022\n\u003E\n        \u003Cdiv class=\u0022post-summary-opacity\u0022\u003E\n      \u003Cdiv class=\u0027row post-summary-row\u0027 \u003E\n                \u003Cdiv class=\u0027columns first-column large-13 medium-13 small-10\u0027\u003E\n                                \u003Cul class=\u0022psh\u0022\u003E\n                \u003Cli\u003E\n                                    \u003Cspan class=\u0027type-badge\u0027\u003E\n                    Assistant Professor \/ Lecturer Job\n                  \u003C\/span\u003E\n                \u003C\/li\u003E\n                                                    \u003Cli class=\u0022since\u0022\u003E\n                      Posted 7 hours ago\n                    \u003C\/li\u003E\n                              \u003C\/ul\u003E\n                    \u003Ch2\u003E\n            Full-time Faculty Position at National Chung Hsing University\n          \u003C\/h2\u003E\n          \u003Cspan content=\u0022Department of Applied EconomicsNational Chung Hsing UniversityTaichung, TaiwanThe Department of Applied Economics, National Chung Hsing University, Taiwan, invites applications for an Assistant Professorship and above, starting February 2, 2027.Applicants from all fields of economics are welcome. Priority will be given to candidates specializing in Agricultural Economics, Industrial Economics, Resource and Environmental Economics, or related fields.Qualifications:Applicants should demonstrate:\u0022\u003E\u003C\/span\u003E\n          \u003Cspan class=\u0022informations\u0022\u003E\n\n                                \u003Cspan content=\u0022Full-time Faculty Position at National Chung Hsing University\u0022\u003E\u003C\/span\u003E\n                  \u003Cspan content=\u002230-04-2026\u0022\u003E\u003C\/span\u003E\n                                          At\n                                                                      \u003Cspan class=\u0022bold\u0022 class=\u0022location\u0022\u003ENational Chung Hsing University\u003C\/span\u003E\n                                                            \u003Cspan\u003E\n                                              in\n                                                                                  \u003Cspan class=\u0022location bold\u0022 \u003E\n                              \u003Cspan \u003ETaichung\u003C\/span\u003E, \u003Cspan \u003EChina\u003C\/span\u003E\n                            \u003C\/span\u003E\n                                                                  \u003C\/span\u003E\n              \n            \u003C\/span\u003E\n            \u003Cspan class=\u0022other_languages\u0022\u003E\n                \u003Cspan class=\u0022available_languages\u0022\u003E\n                                    \u003C\/span\u003E\n            \u003C\/span\u003E\n\n          \u003Cdiv class=\u0022moreStructuredData hide\u0022\u003E\n                      \u003C\/div\u003E\n        \u003C\/div\u003E\n                  \u003Cdiv class=\u0027second-column columns large-3 medium-3 small-6\u0027\u003E\n              \u003Cdiv class=\u0022logo-wrapper\u0022\u003E\n                  \u003Cimg class=\u0022logo b-lazy\u0022 data-src=\u0022https:\/\/cdn.inomics.com\/transform\/scale,h=110,w=110:webp\/eda10e53e92dc50a62ac5f5ff870d19c.png\u0022 src=\u0022data:image\/gif;base64,R0lGODlhAQABAAAAACH5BAEKAAEALAAAAAABAAEAAAICTAEAOw==\u0022 alt=\u0022Logo for National Chung Hsing University\u0022 height=\u002229\u0022 width=\u0022110\u0022 \/\u003E\n              \u003C\/div\u003E\n          \u003C\/div\u003E\n              \u003C\/div\u003E\n    \u003C\/div\u003E\n  \u003C\/a\u003E\n\u003C\/li\u003E\n\u003C\/li\u003E\n        \u003Cli\u003E \u003Ca class=\u0022post-link \u0022  href=\u0022\/job\/professor-of-ai-and-data-analytics-in-business-tenured-or-tenure-track-1553480\u0022 ga-on=\u0022click,auxclick,contextmenu\u0022 ga-event-label=\u0022\/job\/professor-of-ai-and-data-analytics-in-business-tenured-or-tenure-track-1553480\u0022\nga-event-category=\u0022Organic Link\u0022\n\u003E\n     \u003Cdiv class=\u0022post-summary-bg\u0022 style=\u0022background-image: url(https:\/\/cdn.inomics.com\/transform\/scale,w=398,h=130,fillArea=True:crop,w=398,h=130,gravity=Center:webp\/80675f3a8af20c9ca99cd79de7987f9b.png);\u0022\u003E\u003C\/div\u003E     \u003Cdiv class=\u0022post-summary-opacity\u0022\u003E\n      \u003Cdiv class=\u0027row post-summary-row\u0027 \u003E\n                \u003Cdiv class=\u0027columns first-column large-13 medium-13 small-10\u0027\u003E\n                                \u003Cul class=\u0022psh\u0022\u003E\n                \u003Cli\u003E\n                                    \u003Cspan class=\u0027type-badge\u0027\u003E\n                    Professor Job\n                  \u003C\/span\u003E\n                \u003C\/li\u003E\n                                                    \u003Cli class=\u0022since\u0022\u003E\n                      Posted 1 week ago\n                    \u003C\/li\u003E\n                              \u003C\/ul\u003E\n                    \u003Ch2\u003E\n            PROFESSOR OF AI AND DATA ANALYTICS IN BUSINESS (TENURED OR TENURE TRACK)\n          \u003C\/h2\u003E\n          \u003Cspan content=\u0022Workload: Full-time (40 hours\/week)Contract Type: PermanentStart date: 01.01.2027Application Deadline: 25.06.2026The TalTech Department of Business Administration is seeking a visionary professor to lead and advance our research and development efforts in combining AI, data analytics, and business. This role is pivotal in addressing current technological and societal changes affecting business.\u0022\u003E\u003C\/span\u003E\n          \u003Cspan class=\u0022informations\u0022\u003E\n\n                                \u003Cspan content=\u0022PROFESSOR OF AI AND DATA ANALYTICS IN BUSINESS (TENURED OR TENURE TRACK)\u0022\u003E\u003C\/span\u003E\n                  \u003Cspan content=\u002223-04-2026\u0022\u003E\u003C\/span\u003E\n                                          At\n                                                                      \u003Cspan class=\u0022bold\u0022 class=\u0022location\u0022\u003ETallinn University of Technology\u003C\/span\u003E\n                                                            \u003Cspan\u003E\n                                              in\n                                                                                  \u003Cspan class=\u0022location bold\u0022 \u003E\n                              \u003Cspan \u003ETallinn\u003C\/span\u003E, \u003Cspan \u003EEstonia\u003C\/span\u003E\n                            \u003C\/span\u003E\n                                                                  \u003C\/span\u003E\n              \n            \u003C\/span\u003E\n            \u003Cspan class=\u0022other_languages\u0022\u003E\n                \u003Cspan class=\u0022available_languages\u0022\u003E\n                                    \u003C\/span\u003E\n            \u003C\/span\u003E\n\n          \u003Cdiv class=\u0022moreStructuredData hide\u0022\u003E\n                      \u003C\/div\u003E\n        \u003C\/div\u003E\n                  \u003Cdiv class=\u0027second-column columns large-3 medium-3 small-6\u0027\u003E\n              \u003Cdiv class=\u0022logo-wrapper\u0022\u003E\n                  \u003Cimg class=\u0022logo b-lazy\u0022 data-src=\u0022https:\/\/cdn.inomics.com\/transform\/scale,h=110,w=110:webp\/77eb11f4d71c31dd3241b9bfcfa218f4.jpg\u0022 src=\u0022data:image\/gif;base64,R0lGODlhAQABAAAAACH5BAEKAAEALAAAAAABAAEAAAICTAEAOw==\u0022 alt=\u0022Logo for Tallinn University of Technology\u0022 height=\u002287\u0022 width=\u0022110\u0022 \/\u003E\n              \u003C\/div\u003E\n          \u003C\/div\u003E\n              \u003C\/div\u003E\n    \u003C\/div\u003E\n  \u003C\/a\u003E\n\u003C\/li\u003E\n\u003C\/li\u003E\n        \u003Cli\u003E \u003Ca class=\u0022post-link \u0022  href=\u0022\/job\/drummond-professorship-of-political-economy-1553523\u0022 ga-on=\u0022click,auxclick,contextmenu\u0022 ga-event-label=\u0022\/job\/drummond-professorship-of-political-economy-1553523\u0022\nga-event-category=\u0022Organic Link\u0022\n\u003E\n        \u003Cdiv class=\u0022post-summary-opacity\u0022\u003E\n      \u003Cdiv class=\u0027row post-summary-row\u0027 \u003E\n                \u003Cdiv class=\u0027columns first-column large-13 medium-13 small-10\u0027\u003E\n                                \u003Cul class=\u0022psh\u0022\u003E\n                \u003Cli\u003E\n                                    \u003Cspan class=\u0027type-badge\u0027\u003E\n                    Professor Job\n                  \u003C\/span\u003E\n                \u003C\/li\u003E\n                                                    \u003Cli class=\u0022since\u0022\u003E\n                      Posted 1 day ago\n                    \u003C\/li\u003E\n                              \u003C\/ul\u003E\n                    \u003Ch2\u003E\n            Drummond Professorship of Political Economy\n          \u003C\/h2\u003E\n          \u003Cspan content=\u0022This statutory professorship offers an exceptional opportunity to provide academic leadership in one of the world\u2019s leading centres for economic research. Established in 1825, the Drummond Chair has been held by distinguished economists, including Nobel laureates Sir John Hicks, Joseph Stiglitz and Amartya Sen, as well as Francis Edgeworth.\u0022\u003E\u003C\/span\u003E\n          \u003Cspan class=\u0022informations\u0022\u003E\n\n                                \u003Cspan content=\u0022Drummond Professorship of Political Economy\u0022\u003E\u003C\/span\u003E\n                  \u003Cspan content=\u002229-04-2026\u0022\u003E\u003C\/span\u003E\n                                          At\n                                                                      \u003Cspan class=\u0022bold\u0022 class=\u0022location\u0022\u003EUniversity of Oxford\u003C\/span\u003E\n                                                            \u003Cspan\u003E\n                                              in\n                                                                                  \u003Cspan class=\u0022location bold\u0022 \u003E\n                              \u003Cspan \u003EOxford\u003C\/span\u003E, \u003Cspan \u003EUnited Kingdom\u003C\/span\u003E\n                            \u003C\/span\u003E\n                                                                  \u003C\/span\u003E\n              \n            \u003C\/span\u003E\n            \u003Cspan class=\u0022other_languages\u0022\u003E\n                \u003Cspan class=\u0022available_languages\u0022\u003E\n                                    \u003C\/span\u003E\n            \u003C\/span\u003E\n\n          \u003Cdiv class=\u0022moreStructuredData hide\u0022\u003E\n                      \u003C\/div\u003E\n        \u003C\/div\u003E\n                  \u003Cdiv class=\u0027second-column columns large-3 medium-3 small-6\u0027\u003E\n              \u003Cdiv class=\u0022logo-wrapper\u0022\u003E\n                  \u003Cimg class=\u0022logo b-lazy\u0022 data-src=\u0022https:\/\/cdn.inomics.com\/transform\/scale,h=110,w=110:webp\/5aa1aa1ab18aafed39315863fde04420.png\u0022 src=\u0022data:image\/gif;base64,R0lGODlhAQABAAAAACH5BAEKAAEALAAAAAABAAEAAAICTAEAOw==\u0022 alt=\u0022Logo for University of Oxford\u0022 height=\u0022110\u0022 width=\u0022109\u0022 \/\u003E\n              \u003C\/div\u003E\n          \u003C\/div\u003E\n              \u003C\/div\u003E\n    \u003C\/div\u003E\n  \u003C\/a\u003E\n\u003C\/li\u003E\n\u003C\/li\u003E\n                              \u003Cli class=\u0022top-ad listing-ad\u0022\u003E\u003Cscript\u003E\n  function updateDisplay(bannerId){\n    data = \u0022id=\u0022+bannerId;\n    xhr  = new XMLHttpRequest();\n    \/\/xhr.setRequestHeader(\u0027Content-type\u0027, \u0027application\/x-www-form-urlencoded\u0027);\n    xhr.open(\u0027GET\u0027, \u0022\/ajax\/countrysensitivebanner\/updatedisplay?id=\u0022+bannerId, true);\n    xhr.send(data);\n  }\n\u003C\/script\u003E\n\u003Cul class=\u0022country_sensitive_banner_list\u0022\u003E\n  \u003Cli\u003E\n  \n    \u003Ca href=\u0022https:\/\/www.cemfi.es\/programs\/css\/landing_campaign.asp?cu=00\u0026amp;q=In\u0022  data-id=\u0022442\u0022 target=\u0022_blank\u0022  rel=\u0022noopener noreferrer\u0022 class=\u0022country_sensitive_banner_link h-banner-link\u0022\u003E\n      \u003Cimg alt=\u0022CEMFI SUMMER SCHOOL in August to September 2026 o\ufb00ers top-level economics training for academics, central bankers, and practitioners.\u0022 src=\u0022https:\/\/cdn.inomics.com\/transform\/webp\/91368d091cf6bfb43e179dd2f086bb40.gif\u0022 loading=\u0022lazy\u0022 typeof=\u0022foaf:Image\u0022 class=\u0022country_sensitive_banner_img b-lazy b-loaded\u0022 id=\u0022country_sensitive_banner_442\u0022 data-id=\u0022442\u0022\/\u003E\n    \u003C\/a\u003E\n    \u003Cscript\u003EupdateDisplay(442);\u003C\/script\u003E\n  \u003C\/li\u003E\n\u003C\/ul\u003E\n\u003C\/li\u003E\n                          \u003Cli\u003E \u003Ca class=\u0022post-link \u0022  href=\u0022\/job\/finance-visiting-assistant-professor-1553422\u0022 ga-on=\u0022click,auxclick,contextmenu\u0022 ga-event-label=\u0022\/job\/finance-visiting-assistant-professor-1553422\u0022\nga-event-category=\u0022Organic Link\u0022\n\u003E\n        \u003Cdiv class=\u0022post-summary-opacity\u0022\u003E\n      \u003Cdiv class=\u0027row post-summary-row\u0027 \u003E\n                \u003Cdiv class=\u0027columns first-column large-13 medium-13 small-10\u0027\u003E\n                                \u003Cul class=\u0022psh\u0022\u003E\n                \u003Cli\u003E\n                                    \u003Cspan class=\u0027type-badge\u0027\u003E\n                    Assistant Professor \/ Lecturer Job\n                  \u003C\/span\u003E\n                \u003C\/li\u003E\n                                                    \u003Cli class=\u0022since\u0022\u003E\n                      Posted 1 day ago\n                    \u003C\/li\u003E\n                              \u003C\/ul\u003E\n                    \u003Ch2\u003E\n            Finance - Visiting Assistant Professor\n          \u003C\/h2\u003E\n          \u003Cspan content=\u0022Position Title\/Short DescriptionTitle: Finance - Visiting Assistant ProfessorSection: US: Other Academic (Visiting or Temporary)Location: Canton, New York, UNITED STATESSalary Range: $80,000 - $90,000 annually\u0022\u003E\u003C\/span\u003E\n          \u003Cspan class=\u0022informations\u0022\u003E\n\n                                \u003Cspan content=\u0022Finance - Visiting Assistant Professor\u0022\u003E\u003C\/span\u003E\n                  \u003Cspan content=\u002229-04-2026\u0022\u003E\u003C\/span\u003E\n                                          At\n                                                                      \u003Cspan class=\u0022bold\u0022 class=\u0022location\u0022\u003ESt. Lawrence University\u003C\/span\u003E\n                                                            \u003Cspan\u003E\n                                              in\n                                                                                  \u003Cspan class=\u0022location bold\u0022 \u003E\n                              \u003Cspan \u003ECanton\u003C\/span\u003E, \u003Cspan \u003EUnited States\u003C\/span\u003E\n                            \u003C\/span\u003E\n                                                                  \u003C\/span\u003E\n              \n            \u003C\/span\u003E\n            \u003Cspan class=\u0022other_languages\u0022\u003E\n                \u003Cspan class=\u0022available_languages\u0022\u003E\n                                    \u003C\/span\u003E\n            \u003C\/span\u003E\n\n          \u003Cdiv class=\u0022moreStructuredData hide\u0022\u003E\n                      \u003C\/div\u003E\n        \u003C\/div\u003E\n                  \u003Cdiv class=\u0027second-column columns large-3 medium-3 small-6\u0027\u003E\n              \u003Cdiv class=\u0022logo-wrapper\u0022\u003E\n                  \u003Cimg class=\u0022logo b-lazy\u0022 data-src=\u0022https:\/\/cdn.inomics.com\/transform\/scale,h=110,w=110:webp\/92719d82a22fc7da82546b4d61459b18.png\u0022 src=\u0022data:image\/gif;base64,R0lGODlhAQABAAAAACH5BAEKAAEALAAAAAABAAEAAAICTAEAOw==\u0022 alt=\u0022Logo for St. Lawrence University\u0022 height=\u002220\u0022 width=\u0022110\u0022 \/\u003E\n              \u003C\/div\u003E\n          \u003C\/div\u003E\n              \u003C\/div\u003E\n    \u003C\/div\u003E\n  \u003C\/a\u003E\n\u003C\/li\u003E\n\u003C\/li\u003E\n        \u003Cli\u003E \u003Ca class=\u0022post-link \u0022  href=\u0022\/job\/postdoctoral-associate-in-economics-1553420\u0022 ga-on=\u0022click,auxclick,contextmenu\u0022 ga-event-label=\u0022\/job\/postdoctoral-associate-in-economics-1553420\u0022\nga-event-category=\u0022Organic Link\u0022\n\u003E\n        \u003Cdiv class=\u0022post-summary-opacity\u0022\u003E\n      \u003Cdiv class=\u0027row post-summary-row\u0027 \u003E\n                \u003Cdiv class=\u0027columns first-column large-13 medium-13 small-10\u0027\u003E\n                                \u003Cul class=\u0022psh\u0022\u003E\n                \u003Cli\u003E\n                                    \u003Cspan class=\u0027type-badge\u0027\u003E\n                    Postdoc Job\n                  \u003C\/span\u003E\n                \u003C\/li\u003E\n                                  \u003Cli class=\u0022attendance\u0022\u003E\n                    (Remote)\n                  \u003C\/li\u003E\n                                                    \u003Cli class=\u0022since\u0022\u003E\n                      Posted 2 days ago\n                    \u003C\/li\u003E\n                              \u003C\/ul\u003E\n                    \u003Ch2\u003E\n            Postdoctoral Associate in Economics\n          \u003C\/h2\u003E\n          \u003Cspan content=\u0022Description:The Center for Private Tutoring Policies at the Chung-Ang University Economic Research Institute invites applications for a full-time Postdoctoral Associate position funded by the Korea Research Foundation. We seek candidates with strong training in empirical methods, particularly in labor or public economics, although applicants from all fields of economics are encouraged to apply.\u0022\u003E\u003C\/span\u003E\n          \u003Cspan class=\u0022informations\u0022\u003E\n\n                                \u003Cspan content=\u0022Postdoctoral Associate in Economics\u0022\u003E\u003C\/span\u003E\n                  \u003Cspan content=\u002228-04-2026\u0022\u003E\u003C\/span\u003E\n                                          At\n                                                                      \u003Cspan class=\u0022bold\u0022 class=\u0022location\u0022\u003EChung-Ang University\u003C\/span\u003E\n                                                            \u003Cspan\u003E\n                                              in\n                                                                                  \u003Cspan class=\u0022location bold\u0022 \u003E\n                              \u003Cspan \u003ESeoul\u003C\/span\u003E, \u003Cspan \u003ESouth Korea\u003C\/span\u003E\n                            \u003C\/span\u003E\n                                                                  \u003C\/span\u003E\n              \n            \u003C\/span\u003E\n            \u003Cspan class=\u0022other_languages\u0022\u003E\n                \u003Cspan class=\u0022available_languages\u0022\u003E\n                                    \u003C\/span\u003E\n            \u003C\/span\u003E\n\n          \u003Cdiv class=\u0022moreStructuredData hide\u0022\u003E\n                      \u003C\/div\u003E\n        \u003C\/div\u003E\n                  \u003Cdiv class=\u0027second-column columns large-3 medium-3 small-6\u0027\u003E\n              \u003Cdiv class=\u0022logo-wrapper\u0022\u003E\n                  \u003Cimg class=\u0022logo b-lazy\u0022 data-src=\u0022https:\/\/cdn.inomics.com\/transform\/scale,h=110,w=110:webp\/abd231ec12f24d7dc5451029fa650f51.png\u0022 src=\u0022data:image\/gif;base64,R0lGODlhAQABAAAAACH5BAEKAAEALAAAAAABAAEAAAICTAEAOw==\u0022 alt=\u0022Logo for Chung-Ang University\u0022 height=\u0022105\u0022 width=\u0022110\u0022 \/\u003E\n              \u003C\/div\u003E\n          \u003C\/div\u003E\n              \u003C\/div\u003E\n    \u003C\/div\u003E\n  \u003C\/a\u003E\n\u003C\/li\u003E\n\u003C\/li\u003E\n        \u003Cli\u003E \u003Ca class=\u0022post-link \u0022  href=\u0022\/job\/full-time-faculty-position-department-of-applied-economics-1553510\u0022 ga-on=\u0022click,auxclick,contextmenu\u0022 ga-event-label=\u0022\/job\/full-time-faculty-position-department-of-applied-economics-1553510\u0022\nga-event-category=\u0022Organic Link\u0022\n\u003E\n        \u003Cdiv class=\u0022post-summary-opacity\u0022\u003E\n      \u003Cdiv class=\u0027row post-summary-row\u0027 \u003E\n                \u003Cdiv class=\u0027columns first-column large-13 medium-13 small-10\u0027\u003E\n                                \u003Cul class=\u0022psh\u0022\u003E\n                \u003Cli\u003E\n                                    \u003Cspan class=\u0027type-badge\u0027\u003E\n                    Assistant Professor \/ Lecturer Job\n                  \u003C\/span\u003E\n                \u003C\/li\u003E\n                                                    \u003Cli class=\u0022since\u0022\u003E\n                      Posted 2 days ago\n                    \u003C\/li\u003E\n                              \u003C\/ul\u003E\n                    \u003Ch2\u003E\n            Full-time Faculty Position - Department of Applied Economics\n          \u003C\/h2\u003E\n          \u003Cspan content=\u0022Applicants from all fields of economics are welcome. Priority will be given to candidates specializing in Agricultural Economics, Industrial Economics, Resource and Environmental Economics, or related fields.Qualifications:Applicants should demonstrate:\u0022\u003E\u003C\/span\u003E\n          \u003Cspan class=\u0022informations\u0022\u003E\n\n                                \u003Cspan content=\u0022Full-time Faculty Position - Department of Applied Economics\u0022\u003E\u003C\/span\u003E\n                  \u003Cspan content=\u002228-04-2026\u0022\u003E\u003C\/span\u003E\n                                          At\n                                                                      \u003Cspan class=\u0022bold\u0022 class=\u0022location\u0022\u003ENational Chung Hsing University\u003C\/span\u003E\n                                                            \u003Cspan\u003E\n                                                in\n                                                                                  \u003Cspan class=\u0022location bold\u0022 \u003E\n                              \u003Cspan \u003EChina\u003C\/span\u003E\n                            \u003C\/span\u003E\n                                                                  \u003C\/span\u003E\n              \n            \u003C\/span\u003E\n            \u003Cspan class=\u0022other_languages\u0022\u003E\n                \u003Cspan class=\u0022available_languages\u0022\u003E\n                                    \u003C\/span\u003E\n            \u003C\/span\u003E\n\n          \u003Cdiv class=\u0022moreStructuredData hide\u0022\u003E\n                      \u003C\/div\u003E\n        \u003C\/div\u003E\n                  \u003Cdiv class=\u0027second-column columns large-3 medium-3 small-6\u0027\u003E\n              \u003Cdiv class=\u0022logo-wrapper\u0022\u003E\n                  \u003Cimg class=\u0022logo b-lazy\u0022 data-src=\u0022https:\/\/cdn.inomics.com\/transform\/scale,h=110,w=110:webp\/2b5881542c241965ac39275c8d527243.jpg\u0022 src=\u0022data:image\/gif;base64,R0lGODlhAQABAAAAACH5BAEKAAEALAAAAAABAAEAAAICTAEAOw==\u0022 alt=\u0022Logo for National Chung Hsing University\u0022 height=\u002218\u0022 width=\u0022110\u0022 \/\u003E\n              \u003C\/div\u003E\n          \u003C\/div\u003E\n              \u003C\/div\u003E\n    \u003C\/div\u003E\n  \u003C\/a\u003E\n\u003C\/li\u003E\n\u003C\/li\u003E\n        \u003Cli\u003E \u003Ca class=\u0022post-link \u0022  href=\u0022\/job\/adjunct-faculty-economics-1553418\u0022 ga-on=\u0022click,auxclick,contextmenu\u0022 ga-event-label=\u0022\/job\/adjunct-faculty-economics-1553418\u0022\nga-event-category=\u0022Organic Link\u0022\n\u003E\n        \u003Cdiv class=\u0022post-summary-opacity\u0022\u003E\n      \u003Cdiv class=\u0027row post-summary-row\u0027 \u003E\n                \u003Cdiv class=\u0027columns first-column large-13 medium-13 small-10\u0027\u003E\n                                \u003Cul class=\u0022psh\u0022\u003E\n                \u003Cli\u003E\n                                    \u003Cspan class=\u0027type-badge\u0027\u003E\n                    Administration Job\n                  \u003C\/span\u003E\n                \u003C\/li\u003E\n                                                    \u003Cli class=\u0022since\u0022\u003E\n                      Posted 3 days ago\n                    \u003C\/li\u003E\n                              \u003C\/ul\u003E\n                    \u003Ch2\u003E\n            Adjunct Faculty, Economics\n          \u003C\/h2\u003E\n          \u003Cspan content=\u0022Job Posting Closing Times: Job postings are removed from advertising at 12:00 A.M. on the closing date e.g., at midnight on the day before the closing date.Austin Community College employees are required to maintain a domicile in the State of Texas while working for the college and throughout the duration of employment. - AR 4.0300.01\u0022\u003E\u003C\/span\u003E\n          \u003Cspan class=\u0022informations\u0022\u003E\n\n                                \u003Cspan content=\u0022Adjunct Faculty, Economics\u0022\u003E\u003C\/span\u003E\n                  \u003Cspan content=\u002227-04-2026\u0022\u003E\u003C\/span\u003E\n                                          At\n                                                                      \u003Cspan class=\u0022bold\u0022 class=\u0022location\u0022\u003EAustin Community College\u003C\/span\u003E\n                                                            \u003Cspan\u003E\n                                              in\n                                                                                  \u003Cspan class=\u0022location bold\u0022 \u003E\n                              \u003Cspan \u003EAustin\u003C\/span\u003E, \u003Cspan \u003EUnited States\u003C\/span\u003E\n                            \u003C\/span\u003E\n                                                                  \u003C\/span\u003E\n              \n            \u003C\/span\u003E\n            \u003Cspan class=\u0022other_languages\u0022\u003E\n                \u003Cspan class=\u0022available_languages\u0022\u003E\n                                    \u003C\/span\u003E\n            \u003C\/span\u003E\n\n          \u003Cdiv class=\u0022moreStructuredData hide\u0022\u003E\n                      \u003C\/div\u003E\n        \u003C\/div\u003E\n                  \u003Cdiv class=\u0027second-column columns large-3 medium-3 small-6\u0027\u003E\n              \u003Cdiv class=\u0022logo-wrapper\u0022\u003E\n                  \u003Cimg class=\u0022logo b-lazy\u0022 data-src=\u0022https:\/\/cdn.inomics.com\/transform\/scale,h=110,w=110:webp\/4a66ed63e9ceaef9539638bf5fa144a1.png\u0022 src=\u0022data:image\/gif;base64,R0lGODlhAQABAAAAACH5BAEKAAEALAAAAAABAAEAAAICTAEAOw==\u0022 alt=\u0022Logo for Austin Community College\u0022 height=\u002246\u0022 width=\u002270\u0022 \/\u003E\n              \u003C\/div\u003E\n          \u003C\/div\u003E\n              \u003C\/div\u003E\n    \u003C\/div\u003E\n  \u003C\/a\u003E\n\u003C\/li\u003E\n\u003C\/li\u003E\n        \u003Cli\u003E \u003Ca class=\u0022post-link \u0022  href=\u0022\/job\/teaching-fellow-in-finance-and-economics-1553429\u0022 ga-on=\u0022click,auxclick,contextmenu\u0022 ga-event-label=\u0022\/job\/teaching-fellow-in-finance-and-economics-1553429\u0022\nga-event-category=\u0022Organic Link\u0022\n\u003E\n        \u003Cdiv class=\u0022post-summary-opacity\u0022\u003E\n      \u003Cdiv class=\u0027row post-summary-row\u0027 \u003E\n                \u003Cdiv class=\u0027columns first-column large-13 medium-13 small-10\u0027\u003E\n                                \u003Cul class=\u0022psh\u0022\u003E\n                \u003Cli\u003E\n                                    \u003Cspan class=\u0027type-badge\u0027\u003E\n                    Assistant Professor \/ Lecturer Job\n                  \u003C\/span\u003E\n                \u003C\/li\u003E\n                                                    \u003Cli class=\u0022since\u0022\u003E\n                      Posted 1 week ago\n                    \u003C\/li\u003E\n                              \u003C\/ul\u003E\n                    \u003Ch2\u003E\n            Teaching Fellow in Finance and Economics\n          \u003C\/h2\u003E\n          \u003Cspan content=\u0022Schreiner University invites applications for a Teaching Fellow in Finance and Economics beginning in Fall 2026. This full-time, non\u2013tenure track position is ideal for emerging educators who are committed to high-quality undergraduate teaching and who wish to develop professionally within a supportive academic environment. The program offers 2\u20133 year fixed-term appointments with the opportunity to transition to tenure-track for talented educators.\u0022\u003E\u003C\/span\u003E\n          \u003Cspan class=\u0022informations\u0022\u003E\n\n                                \u003Cspan content=\u0022Teaching Fellow in Finance and Economics\u0022\u003E\u003C\/span\u003E\n                  \u003Cspan content=\u002222-04-2026\u0022\u003E\u003C\/span\u003E\n                                          At\n                                                                      \u003Cspan class=\u0022bold\u0022 class=\u0022location\u0022\u003ESchreiner University\u003C\/span\u003E\n                                                            \u003Cspan\u003E\n                                              in\n                                                                                  \u003Cspan class=\u0022location bold\u0022 \u003E\n                              \u003Cspan \u003EKerrville\u003C\/span\u003E, \u003Cspan \u003EUnited States\u003C\/span\u003E\n                            \u003C\/span\u003E\n                                                                  \u003C\/span\u003E\n              \n            \u003C\/span\u003E\n            \u003Cspan class=\u0022other_languages\u0022\u003E\n                \u003Cspan class=\u0022available_languages\u0022\u003E\n                                    \u003C\/span\u003E\n            \u003C\/span\u003E\n\n          \u003Cdiv class=\u0022moreStructuredData hide\u0022\u003E\n                      \u003C\/div\u003E\n        \u003C\/div\u003E\n                  \u003Cdiv class=\u0027second-column columns large-3 medium-3 small-6\u0027\u003E\n              \u003Cdiv class=\u0022logo-wrapper\u0022\u003E\n                  \u003Cimg class=\u0022logo b-lazy\u0022 data-src=\u0022https:\/\/cdn.inomics.com\/transform\/scale,h=110,w=110:webp\/8f3685d48c7f372321ba60d0b4f5bd7a.png\u0022 src=\u0022data:image\/gif;base64,R0lGODlhAQABAAAAACH5BAEKAAEALAAAAAABAAEAAAICTAEAOw==\u0022 alt=\u0022Logo for Schreiner University\u0022 height=\u002220\u0022 width=\u0022110\u0022 \/\u003E\n              \u003C\/div\u003E\n          \u003C\/div\u003E\n              \u003C\/div\u003E\n    \u003C\/div\u003E\n  \u003C\/a\u003E\n\u003C\/li\u003E\n\u003C\/li\u003E\n        \u003Cli\u003E \u003Ca class=\u0022post-link \u0022  href=\u0022\/job\/instructor-economics-full-time-tenure-track-delano-rural-1553383\u0022 ga-on=\u0022click,auxclick,contextmenu\u0022 ga-event-label=\u0022\/job\/instructor-economics-full-time-tenure-track-delano-rural-1553383\u0022\nga-event-category=\u0022Organic Link\u0022\n\u003E\n        \u003Cdiv class=\u0022post-summary-opacity\u0022\u003E\n      \u003Cdiv class=\u0027row post-summary-row\u0027 \u003E\n                \u003Cdiv class=\u0027columns first-column large-13 medium-13 small-10\u0027\u003E\n                                \u003Cul class=\u0022psh\u0022\u003E\n                \u003Cli\u003E\n                                    \u003Cspan class=\u0027type-badge\u0027\u003E\n                    Professor Job\n                  \u003C\/span\u003E\n                \u003C\/li\u003E\n                                                    \u003Cli class=\u0022since\u0022\u003E\n                      Posted 1 week ago\n                    \u003C\/li\u003E\n                              \u003C\/ul\u003E\n                    \u003Ch2\u003E\n            Instructor, Economics Full-time Tenure Track (Delano \u0026amp; Rural)\n          \u003C\/h2\u003E\n          \u003Cspan content=\u0022Basic FunctionBakersfield College is seeking a faculty member for Economics (Delano \u0026amp;amp; Rural). If you are highly motivated, eager to engage a diverse student body, and passionate about teaching and learning, we highly encourage you to submit an application.\u0022\u003E\u003C\/span\u003E\n          \u003Cspan class=\u0022informations\u0022\u003E\n\n                                \u003Cspan content=\u0022Instructor, Economics Full-time Tenure Track (Delano \u0026amp; Rural)\u0022\u003E\u003C\/span\u003E\n                  \u003Cspan content=\u002220-04-2026\u0022\u003E\u003C\/span\u003E\n                                          At\n                                                                      \u003Cspan class=\u0022bold\u0022 class=\u0022location\u0022\u003EKern Community College District\u003C\/span\u003E\n                                                            \u003Cspan\u003E\n                                              in\n                                                                                  \u003Cspan class=\u0022location bold\u0022 \u003E\n                              \u003Cspan \u003EBakersfield\u003C\/span\u003E, \u003Cspan \u003EUnited States\u003C\/span\u003E\n                            \u003C\/span\u003E\n                                                                  \u003C\/span\u003E\n              \n            \u003C\/span\u003E\n            \u003Cspan class=\u0022other_languages\u0022\u003E\n                \u003Cspan class=\u0022available_languages\u0022\u003E\n                                    \u003C\/span\u003E\n            \u003C\/span\u003E\n\n          \u003Cdiv class=\u0022moreStructuredData hide\u0022\u003E\n                      \u003C\/div\u003E\n        \u003C\/div\u003E\n                  \u003Cdiv class=\u0027second-column columns large-3 medium-3 small-6\u0027\u003E\n              \u003Cdiv class=\u0022logo-wrapper\u0022\u003E\n                  \u003Cimg class=\u0022logo b-lazy\u0022 data-src=\u0022https:\/\/cdn.inomics.com\/transform\/scale,h=110,w=110:webp\/9062659f3b8cbf10c0e3c5d1af4b5dac.png\u0022 src=\u0022data:image\/gif;base64,R0lGODlhAQABAAAAACH5BAEKAAEALAAAAAABAAEAAAICTAEAOw==\u0022 alt=\u0022Logo for Kern Community College District\u0022 height=\u002228\u0022 width=\u0022110\u0022 \/\u003E\n              \u003C\/div\u003E\n          \u003C\/div\u003E\n              \u003C\/div\u003E\n    \u003C\/div\u003E\n  \u003C\/a\u003E\n\u003C\/li\u003E\n\u003C\/li\u003E\n        \u003Cli\u003E \u003Ca class=\u0022post-link \u0022  href=\u0022\/job\/university-professor-in-economics-public-economics-1553439\u0022 ga-on=\u0022click,auxclick,contextmenu\u0022 ga-event-label=\u0022\/job\/university-professor-in-economics-public-economics-1553439\u0022\nga-event-category=\u0022Organic Link\u0022\n\u003E\n        \u003Cdiv class=\u0022post-summary-opacity\u0022\u003E\n      \u003Cdiv class=\u0027row post-summary-row\u0027 \u003E\n                \u003Cdiv class=\u0027columns first-column large-13 medium-13 small-10\u0027\u003E\n                                \u003Cul class=\u0022psh\u0022\u003E\n                \u003Cli\u003E\n                                    \u003Cspan class=\u0027type-badge\u0027\u003E\n                    Professor Job\n                  \u003C\/span\u003E\n                \u003C\/li\u003E\n                                                    \u003Cli class=\u0022since\u0022\u003E\n                      Posted 1 week ago\n                    \u003C\/li\u003E\n                              \u003C\/ul\u003E\n                    \u003Ch2\u003E\n            University Professor in Economics \u2013 Public Economics\n          \u003C\/h2\u003E\n          \u003Cspan content=\u0022We are a young, innovative university located in the heart of the Ruhr metropolis. We pride ourselves on outstanding research and teaching, think in terms of opportunities rather than limitations and develop ideas with a view to the future. Diversity is an integral part of our culture as we promote potential and are committed to upholding genuine equity in education.The Faculty of Business Administration and Economics at the University of Duisburg-Essen is looking to fill the following position:\u0022\u003E\u003C\/span\u003E\n          \u003Cspan class=\u0022informations\u0022\u003E\n\n                                \u003Cspan content=\u0022University Professor in Economics \u2013 Public Economics\u0022\u003E\u003C\/span\u003E\n                  \u003Cspan content=\u002220-04-2026\u0022\u003E\u003C\/span\u003E\n                                          At\n                                                                      \u003Cspan class=\u0022bold\u0022 class=\u0022location\u0022\u003EUniversity of Duisburg-Essen\u003C\/span\u003E\n                                                            \u003Cspan\u003E\n                                              in\n                                                                                  \u003Cspan class=\u0022location bold\u0022 \u003E\n                              \u003Cspan \u003EEssen\u003C\/span\u003E, \u003Cspan \u003EGermany\u003C\/span\u003E\n                            \u003C\/span\u003E\n                                                                  \u003C\/span\u003E\n              \n            \u003C\/span\u003E\n            \u003Cspan class=\u0022other_languages\u0022\u003E\n                \u003Cspan class=\u0022available_languages\u0022\u003E\n                                    \u003C\/span\u003E\n            \u003C\/span\u003E\n\n          \u003Cdiv class=\u0022moreStructuredData hide\u0022\u003E\n                      \u003C\/div\u003E\n        \u003C\/div\u003E\n                  \u003Cdiv class=\u0027second-column columns large-3 medium-3 small-6\u0027\u003E\n              \u003Cdiv class=\u0022logo-wrapper\u0022\u003E\n                  \u003Cimg class=\u0022logo b-lazy\u0022 data-src=\u0022https:\/\/cdn.inomics.com\/transform\/scale,h=110,w=110:webp\/0dcc384a69749be2ee74de65070c2249.jpg\u0022 src=\u0022data:image\/gif;base64,R0lGODlhAQABAAAAACH5BAEKAAEALAAAAAABAAEAAAICTAEAOw==\u0022 alt=\u0022Logo for University of Duisburg-Essen\u0022 height=\u0022110\u0022 width=\u0022110\u0022 \/\u003E\n              \u003C\/div\u003E\n          \u003C\/div\u003E\n              \u003C\/div\u003E\n    \u003C\/div\u003E\n  \u003C\/a\u003E\n\u003C\/li\u003E\n\u003C\/li\u003E\n        \u003Cli\u003E \u003Ca class=\u0022post-link \u0022  href=\u0022\/job\/macroeconomic-modelling-specialist-senior-analyst-1553438\u0022 ga-on=\u0022click,auxclick,contextmenu\u0022 ga-event-label=\u0022\/job\/macroeconomic-modelling-specialist-senior-analyst-1553438\u0022\nga-event-category=\u0022Organic Link\u0022\n\u003E\n        \u003Cdiv class=\u0022post-summary-opacity\u0022\u003E\n      \u003Cdiv class=\u0027row post-summary-row\u0027 \u003E\n                \u003Cdiv class=\u0027columns first-column large-13 medium-13 small-10\u0027\u003E\n                                \u003Cul class=\u0022psh\u0022\u003E\n                \u003Cli\u003E\n                                    \u003Cspan class=\u0027type-badge\u0027\u003E\n                    Other Job, Mid-Level Industry Job, Researcher \/ Analyst Job\n                  \u003C\/span\u003E\n                \u003C\/li\u003E\n                                                    \u003Cli class=\u0022since\u0022\u003E\n                      Posted 1 week ago\n                    \u003C\/li\u003E\n                              \u003C\/ul\u003E\n                    \u003Ch2\u003E\n            Macroeconomic Modelling Specialist (Senior Analyst)\n          \u003C\/h2\u003E\n          \u003Cspan content=\u0022Have you got what it takes to shape Aotearoa New Zealand\u2019s tomorrow?M\u014d m\u0101tou | About UsAt The Treasury Te Tai \u014changa we\u2019re creating a better future for New Zealand and everyone who calls our amazing country home. We\u2019re the Government\u2019s lead economic and financial advisor, working hard to raise the standard of living for everyone in Aotearoa, now and in the future.\u0022\u003E\u003C\/span\u003E\n          \u003Cspan class=\u0022informations\u0022\u003E\n\n                                \u003Cspan content=\u0022Macroeconomic Modelling Specialist (Senior Analyst)\u0022\u003E\u003C\/span\u003E\n                  \u003Cspan content=\u002220-04-2026\u0022\u003E\u003C\/span\u003E\n                                          At\n                                                                      \u003Cspan class=\u0022bold\u0022 class=\u0022location\u0022\u003ENew Zealand Treasury\u003C\/span\u003E\n                                                            \u003Cspan\u003E\n                                              in\n                                                                                  \u003Cspan class=\u0022location bold\u0022 \u003E\n                              \u003Cspan \u003EWellington\u003C\/span\u003E, \u003Cspan \u003ENew Zealand\u003C\/span\u003E\n                            \u003C\/span\u003E\n                                                                  \u003C\/span\u003E\n              \n            \u003C\/span\u003E\n            \u003Cspan class=\u0022other_languages\u0022\u003E\n                \u003Cspan class=\u0022available_languages\u0022\u003E\n                                    \u003C\/span\u003E\n            \u003C\/span\u003E\n\n          \u003Cdiv class=\u0022moreStructuredData hide\u0022\u003E\n                      \u003C\/div\u003E\n        \u003C\/div\u003E\n                  \u003Cdiv class=\u0027second-column columns large-3 medium-3 small-6\u0027\u003E\n              \u003Cdiv class=\u0022logo-wrapper\u0022\u003E\n                  \u003Cimg class=\u0022logo b-lazy\u0022 data-src=\u0022https:\/\/cdn.inomics.com\/transform\/scale,h=110,w=110:webp\/ad75d4a5ec2a55128bbb6cef5ea9ec62.png\u0022 src=\u0022data:image\/gif;base64,R0lGODlhAQABAAAAACH5BAEKAAEALAAAAAABAAEAAAICTAEAOw==\u0022 alt=\u0022Logo for New Zealand Treasury\u0022 height=\u0022110\u0022 width=\u002292\u0022 \/\u003E\n              \u003C\/div\u003E\n          \u003C\/div\u003E\n              \u003C\/div\u003E\n    \u003C\/div\u003E\n  \u003C\/a\u003E\n\u003C\/li\u003E\n\u003C\/li\u003E\n        \u003Cli\u003E \u003Ca class=\u0022post-link \u0022  href=\u0022\/job\/full-professor-in-energy-economics-green-finance-and-sustainability-1553329\u0022 ga-on=\u0022click,auxclick,contextmenu\u0022 ga-event-label=\u0022\/job\/full-professor-in-energy-economics-green-finance-and-sustainability-1553329\u0022\nga-event-category=\u0022Organic Link\u0022\n\u003E\n        \u003Cdiv class=\u0022post-summary-opacity\u0022\u003E\n      \u003Cdiv class=\u0027row post-summary-row\u0027 \u003E\n                \u003Cdiv class=\u0027columns first-column large-13 medium-13 small-10\u0027\u003E\n                                \u003Cul class=\u0022psh\u0022\u003E\n                \u003Cli\u003E\n                                    \u003Cspan class=\u0027type-badge\u0027\u003E\n                    Professor Job\n                  \u003C\/span\u003E\n                \u003C\/li\u003E\n                                                    \u003Cli class=\u0022since\u0022\u003E\n                      Posted 2 weeks ago\n                    \u003C\/li\u003E\n                              \u003C\/ul\u003E\n                    \u003Ch2\u003E\n            Full Professor in Energy Economics, Green Finance, and Sustainability\n          \u003C\/h2\u003E\n          \u003Cspan content=\u0022Company:IPAG Business SchoolLocation:France \/ ParisDiscipline:Energy Economics, Green Finance, and SustainabilityEmployment Type:Full-time or 80% (Permanent Contract \/ CDI)Posted:10\/04\/2026Contact:Mme. Medelis Lambert, Responsable RH, m.lambert@ipag.fr\u0022\u003E\u003C\/span\u003E\n          \u003Cspan class=\u0022informations\u0022\u003E\n\n                                \u003Cspan content=\u0022Full Professor in Energy Economics, Green Finance, and Sustainability\u0022\u003E\u003C\/span\u003E\n                  \u003Cspan content=\u002216-04-2026\u0022\u003E\u003C\/span\u003E\n                                          At\n                                                                      \u003Cspan class=\u0022bold\u0022 class=\u0022location\u0022\u003EIPAG Business School\u003C\/span\u003E\n                                                            \u003Cspan\u003E\n                                              in\n                                                                                  \u003Cspan class=\u0022location bold\u0022 \u003E\n                              \u003Cspan \u003EParis\u003C\/span\u003E, \u003Cspan \u003EFrance\u003C\/span\u003E\n                            \u003C\/span\u003E\n                                                                  \u003C\/span\u003E\n              \n            \u003C\/span\u003E\n            \u003Cspan class=\u0022other_languages\u0022\u003E\n                \u003Cspan class=\u0022available_languages\u0022\u003E\n                                    \u003C\/span\u003E\n            \u003C\/span\u003E\n\n          \u003Cdiv class=\u0022moreStructuredData hide\u0022\u003E\n                      \u003C\/div\u003E\n        \u003C\/div\u003E\n                  \u003Cdiv class=\u0027second-column columns large-3 medium-3 small-6\u0027\u003E\n              \u003Cdiv class=\u0022logo-wrapper\u0022\u003E\n                  \u003Cimg class=\u0022logo b-lazy\u0022 data-src=\u0022https:\/\/cdn.inomics.com\/transform\/scale,h=110,w=110:webp\/d9df310291024e4e814c78a3a8887e5f.png\u0022 src=\u0022data:image\/gif;base64,R0lGODlhAQABAAAAACH5BAEKAAEALAAAAAABAAEAAAICTAEAOw==\u0022 alt=\u0022Logo for IPAG Business School\u0022 height=\u002286\u0022 width=\u0022110\u0022 \/\u003E\n              \u003C\/div\u003E\n          \u003C\/div\u003E\n              \u003C\/div\u003E\n    \u003C\/div\u003E\n  \u003C\/a\u003E\n\u003C\/li\u003E\n\u003C\/li\u003E\n        \u003Cli\u003E \u003Ca class=\u0022post-link \u0022  href=\u0022\/job\/economists-financial-stability-and-macroprudential-policymfd-1553404\u0022 ga-on=\u0022click,auxclick,contextmenu\u0022 ga-event-label=\u0022\/job\/economists-financial-stability-and-macroprudential-policymfd-1553404\u0022\nga-event-category=\u0022Organic Link\u0022\n\u003E\n        \u003Cdiv class=\u0022post-summary-opacity\u0022\u003E\n      \u003Cdiv class=\u0027row post-summary-row\u0027 \u003E\n                \u003Cdiv class=\u0027columns first-column large-13 medium-13 small-10\u0027\u003E\n                                \u003Cul class=\u0022psh\u0022\u003E\n                \u003Cli\u003E\n                                    \u003Cspan class=\u0027type-badge\u0027\u003E\n                    PhD Candidate Job\n                  \u003C\/span\u003E\n                \u003C\/li\u003E\n                                                    \u003Cli class=\u0022since\u0022\u003E\n                      Posted 2 weeks ago\n                    \u003C\/li\u003E\n                              \u003C\/ul\u003E\n                    \u003Ch2\u003E\n            ECONOMISTS - FINANCIAL STABILITY AND MACROPRUDENTIAL POLICY(m\/f\/d)\n          \u003C\/h2\u003E\n          \u003Cspan content=\u0022Your mission:\u0026amp;nbsp;As part of the Macroprudential Policy and Regulation Section, your responsibilities include contributing to the analysis and assessment of current macro-financial conditions, global and sectoral systemic risks, and structural and\/or cyclical developments in the financial sectors of Luxembourg and the EU\/Eurozone. You are responsible for assessing both current macroprudential policies and instruments, as well as the potential consequences of new regulations on the Luxembourg financial sector and its components.\u0022\u003E\u003C\/span\u003E\n          \u003Cspan class=\u0022informations\u0022\u003E\n\n                                \u003Cspan content=\u0022ECONOMISTS - FINANCIAL STABILITY AND MACROPRUDENTIAL POLICY(m\/f\/d)\u0022\u003E\u003C\/span\u003E\n                  \u003Cspan content=\u002216-04-2026\u0022\u003E\u003C\/span\u003E\n                                          At\n                                                                      \u003Cspan class=\u0022bold\u0022 class=\u0022location\u0022\u003EBanque centrale du Luxembourg\u003C\/span\u003E\n                                                            \u003Cspan\u003E\n                                              in\n                                                                                  \u003Cspan class=\u0022location bold\u0022 \u003E\n                              \u003Cspan \u003ELuxembourg\u003C\/span\u003E, \u003Cspan \u003ELuxembourg\u003C\/span\u003E\n                            \u003C\/span\u003E\n                                                                  \u003C\/span\u003E\n              \n            \u003C\/span\u003E\n            \u003Cspan class=\u0022other_languages\u0022\u003E\n                \u003Cspan class=\u0022available_languages\u0022\u003E\n                                    \u003C\/span\u003E\n            \u003C\/span\u003E\n\n          \u003Cdiv class=\u0022moreStructuredData hide\u0022\u003E\n                      \u003C\/div\u003E\n        \u003C\/div\u003E\n                  \u003Cdiv class=\u0027second-column columns large-3 medium-3 small-6\u0027\u003E\n              \u003Cdiv class=\u0022logo-wrapper\u0022\u003E\n                  \u003Cimg class=\u0022logo b-lazy\u0022 data-src=\u0022https:\/\/cdn.inomics.com\/transform\/scale,h=110,w=110:webp\/7e592eae33ce437eeea34c837283be9b.png\u0022 src=\u0022data:image\/gif;base64,R0lGODlhAQABAAAAACH5BAEKAAEALAAAAAABAAEAAAICTAEAOw==\u0022 alt=\u0022Logo for Banque centrale du Luxembourg\u0022 height=\u002232\u0022 width=\u0022110\u0022 \/\u003E\n              \u003C\/div\u003E\n          \u003C\/div\u003E\n              \u003C\/div\u003E\n    \u003C\/div\u003E\n  \u003C\/a\u003E\n\u003C\/li\u003E\n\u003C\/li\u003E\n        \u003Cli\u003E \u003Ca class=\u0022post-link \u0022  href=\u0022\/job\/instructor-businessaccountingeconomics-1553364\u0022 ga-on=\u0022click,auxclick,contextmenu\u0022 ga-event-label=\u0022\/job\/instructor-businessaccountingeconomics-1553364\u0022\nga-event-category=\u0022Organic Link\u0022\n\u003E\n        \u003Cdiv class=\u0022post-summary-opacity\u0022\u003E\n      \u003Cdiv class=\u0027row post-summary-row\u0027 \u003E\n                \u003Cdiv class=\u0027columns first-column large-13 medium-13 small-10\u0027\u003E\n                                \u003Cul class=\u0022psh\u0022\u003E\n                \u003Cli\u003E\n                                    \u003Cspan class=\u0027type-badge\u0027\u003E\n                    Professor Job\n                  \u003C\/span\u003E\n                \u003C\/li\u003E\n                                                    \u003Cli class=\u0022since\u0022\u003E\n                      Posted 2 weeks ago\n                    \u003C\/li\u003E\n                              \u003C\/ul\u003E\n                    \u003Ch2\u003E\n            Instructor, Business\/Accounting\/Economics\n          \u003C\/h2\u003E\n          \u003Cspan content=\u0022East Central College has an anticipated opening for full-time (9 month) faculty position with teaching responsibilities across Business, Accounting, and\/or Economics. Instructor is responsible for providing an effective learning experience in the classroom for students with diverse interests, abilities, and expectations.This is a shared position between the Union campus and Rolla location.Anticipated start: Fall 2026.\u0022\u003E\u003C\/span\u003E\n          \u003Cspan class=\u0022informations\u0022\u003E\n\n                                \u003Cspan content=\u0022Instructor, Business\/Accounting\/Economics\u0022\u003E\u003C\/span\u003E\n                  \u003Cspan content=\u002216-04-2026\u0022\u003E\u003C\/span\u003E\n                                      \u003Cspan\u003E\n                                                in\n                                                                                  \u003Cspan class=\u0022location bold\u0022 \u003E\n                              \u003Cspan \u003EUnited States\u003C\/span\u003E\n                            \u003C\/span\u003E\n                                                                  \u003C\/span\u003E\n              \n            \u003C\/span\u003E\n            \u003Cspan class=\u0022other_languages\u0022\u003E\n                \u003Cspan class=\u0022available_languages\u0022\u003E\n                                    \u003C\/span\u003E\n            \u003C\/span\u003E\n\n          \u003Cdiv class=\u0022moreStructuredData hide\u0022\u003E\n                      \u003C\/div\u003E\n        \u003C\/div\u003E\n                  \u003Cdiv class=\u0027second-column columns large-3 medium-3 small-6\u0027\u003E\n              \u003Cdiv class=\u0022logo-wrapper\u0022\u003E\n                  \u003Cimg class=\u0022logo b-lazy\u0022 data-src=\u0022https:\/\/cdn.inomics.com\/transform\/scale,h=110,w=110:webp\/bd1672b57e052698b7ca482528b7f2a6.jpg\u0022 src=\u0022data:image\/gif;base64,R0lGODlhAQABAAAAACH5BAEKAAEALAAAAAABAAEAAAICTAEAOw==\u0022 alt=\u0022Logo for \u0022 height=\u002223\u0022 width=\u0022110\u0022 \/\u003E\n              \u003C\/div\u003E\n          \u003C\/div\u003E\n              \u003C\/div\u003E\n    \u003C\/div\u003E\n  \u003C\/a\u003E\n\u003C\/li\u003E\n\u003C\/li\u003E\n        \u003Cli\u003E \u003Ca class=\u0022post-link \u0022  href=\u0022\/job\/post-doc-researcher-labour-market-effects-and-political-economy-of-the-green-transition-08-1fte-1553400\u0022 ga-on=\u0022click,auxclick,contextmenu\u0022 ga-event-label=\u0022\/job\/post-doc-researcher-labour-market-effects-and-political-economy-of-the-green-transition-08-1fte-1553400\u0022\nga-event-category=\u0022Organic Link\u0022\n\u003E\n        \u003Cdiv class=\u0022post-summary-opacity\u0022\u003E\n      \u003Cdiv class=\u0027row post-summary-row\u0027 \u003E\n                \u003Cdiv class=\u0027columns first-column large-13 medium-13 small-10\u0027\u003E\n                                \u003Cul class=\u0022psh\u0022\u003E\n                \u003Cli\u003E\n                                    \u003Cspan class=\u0027type-badge\u0027\u003E\n                    Postdoc Job\n                  \u003C\/span\u003E\n                \u003C\/li\u003E\n                                  \u003Cli class=\u0022attendance\u0022\u003E\n                    (Hybrid)\n                  \u003C\/li\u003E\n                                                    \u003Cli class=\u0022since\u0022\u003E\n                      Posted 2 weeks ago\n                    \u003C\/li\u003E\n                              \u003C\/ul\u003E\n                    \u003Ch2\u003E\n            Post-Doc Researcher: Labour Market Effects and Political Economy of the Green Transition (0.8-1fte)\n          \u003C\/h2\u003E\n          \u003Cspan content=\u0022What you will doThe postdoc will participate in the interdisciplinary research programme GroenvermogenNL, which supports the large-scale development and implementation of green hydrogen in the Netherlands and across Europe. The programme addresses the system-wide conditions required to enable a successful hydrogen transition, including policies, infrastructure, technology, safety, economic incentives, and public acceptance.You will be involved in three specific subprojects:\u0022\u003E\u003C\/span\u003E\n          \u003Cspan class=\u0022informations\u0022\u003E\n\n                                \u003Cspan content=\u0022Post-Doc Researcher: Labour Market Effects and Political Economy of the Green Transition (0.8-1fte)\u0022\u003E\u003C\/span\u003E\n                  \u003Cspan content=\u002216-04-2026\u0022\u003E\u003C\/span\u003E\n                                          At\n                                                                      \u003Cspan class=\u0022bold\u0022 class=\u0022location\u0022\u003ELeiden Law School, University of Leiden\u003C\/span\u003E\n                                                            \u003Cspan\u003E\n                                              in\n                                                                                  \u003Cspan class=\u0022location bold\u0022 \u003E\n                              \u003Cspan \u003ELeiden\u003C\/span\u003E, \u003Cspan \u003ENetherlands\u003C\/span\u003E\n                            \u003C\/span\u003E\n                                                                  \u003C\/span\u003E\n              \n            \u003C\/span\u003E\n            \u003Cspan class=\u0022other_languages\u0022\u003E\n                \u003Cspan class=\u0022available_languages\u0022\u003E\n                                    \u003C\/span\u003E\n            \u003C\/span\u003E\n\n          \u003Cdiv class=\u0022moreStructuredData hide\u0022\u003E\n                      \u003C\/div\u003E\n        \u003C\/div\u003E\n                  \u003Cdiv class=\u0027second-column columns large-3 medium-3 small-6\u0027\u003E\n              \u003Cdiv class=\u0022logo-wrapper\u0022\u003E\n                  \u003Cimg class=\u0022logo b-lazy\u0022 data-src=\u0022https:\/\/cdn.inomics.com\/transform\/scale,h=110,w=110:webp\/90bc627913b8508dae1b3870b4978252.png\u0022 src=\u0022data:image\/gif;base64,R0lGODlhAQABAAAAACH5BAEKAAEALAAAAAABAAEAAAICTAEAOw==\u0022 alt=\u0022Logo for Leiden Law School, University of Leiden\u0022 height=\u002246\u0022 width=\u0022110\u0022 \/\u003E\n              \u003C\/div\u003E\n          \u003C\/div\u003E\n              \u003C\/div\u003E\n    \u003C\/div\u003E\n  \u003C\/a\u003E\n\u003C\/li\u003E\n\u003C\/li\u003E\n                  \u003Cli class=\u0022middle-ad listing-ad\u0022\u003E\u003Cscript\u003E\n  function updateDisplay(bannerId){\n    data = \u0022id=\u0022+bannerId;\n    xhr  = new XMLHttpRequest();\n    \/\/xhr.setRequestHeader(\u0027Content-type\u0027, \u0027application\/x-www-form-urlencoded\u0027);\n    xhr.open(\u0027GET\u0027, \u0022\/ajax\/countrysensitivebanner\/updatedisplay?id=\u0022+bannerId, true);\n    xhr.send(data);\n  }\n\u003C\/script\u003E\n\u003Cul class=\u0022country_sensitive_banner_list\u0022\u003E\n  \u003Cli\u003E\n  \n    \u003Ca href=\u0022https:\/\/365datascience.pxf.io\/c\/3425504\/1037873\/11148\u0022  data-id=\u0022434\u0022 target=\u0022_blank\u0022  rel=\u0022noopener noreferrer\u0022 class=\u0022country_sensitive_banner_link h-banner-link\u0022\u003E\n      \u003Cimg alt=\u0022365 Data Science Online Program - Get 57% Off Annual Plan\u0022 src=\u0022https:\/\/cdn.inomics.com\/transform\/webp\/9d8e7633a38d805de6ae83d60d76f449.jpg\u0022 loading=\u0022lazy\u0022 typeof=\u0022foaf:Image\u0022 class=\u0022country_sensitive_banner_img b-lazy b-loaded\u0022 id=\u0022country_sensitive_banner_434\u0022 data-id=\u0022434\u0022\/\u003E\n    \u003C\/a\u003E\n    \u003Cscript\u003EupdateDisplay(434);\u003C\/script\u003E\n  \u003C\/li\u003E\n\u003C\/ul\u003E\n\u003C\/li\u003E\n        \u003Cli\u003E \u003Ca class=\u0022post-link \u0022  href=\u0022\/job\/head-of-section-financial-stability-and-macro-prudential-analysis-mfd-1553406\u0022 ga-on=\u0022click,auxclick,contextmenu\u0022 ga-event-label=\u0022\/job\/head-of-section-financial-stability-and-macro-prudential-analysis-mfd-1553406\u0022\nga-event-category=\u0022Organic Link\u0022\n\u003E\n        \u003Cdiv class=\u0022post-summary-opacity\u0022\u003E\n      \u003Cdiv class=\u0027row post-summary-row\u0027 \u003E\n                \u003Cdiv class=\u0027columns first-column large-13 medium-13 small-10\u0027\u003E\n                                \u003Cul class=\u0022psh\u0022\u003E\n                \u003Cli\u003E\n                                    \u003Cspan class=\u0027type-badge\u0027\u003E\n                    Executive \/ Senior Industry Job\n                  \u003C\/span\u003E\n                \u003C\/li\u003E\n                                                    \u003Cli class=\u0022since\u0022\u003E\n                      Posted 2 weeks ago\n                    \u003C\/li\u003E\n                              \u003C\/ul\u003E\n                    \u003Ch2\u003E\n            HEAD OF SECTION \u201cFinancial stability and Macro-prudential Analysis\u201d (m\/f\/d) \n          \u003C\/h2\u003E\n          \u003Cspan content=\u0022Your mission:\u0026amp;nbsp;As Head of the \u0026quot;Financial Stability and Macro-prudential Analysis\u0026quot; section, you report to the Head of the \u0026quot;Financial Stability and Macro-prudential Surveillance\u0026quot; department and are responsible for implementing the strategic plan of the department within the section.\u0022\u003E\u003C\/span\u003E\n          \u003Cspan class=\u0022informations\u0022\u003E\n\n                                \u003Cspan content=\u0022HEAD OF SECTION \u201cFinancial stability and Macro-prudential Analysis\u201d (m\/f\/d) \u0022\u003E\u003C\/span\u003E\n                  \u003Cspan content=\u002216-04-2026\u0022\u003E\u003C\/span\u003E\n                                          At\n                                                                      \u003Cspan class=\u0022bold\u0022 class=\u0022location\u0022\u003EBanque centrale du Luxembourg\u003C\/span\u003E\n                                                            \u003Cspan\u003E\n                                              in\n                                                                                  \u003Cspan class=\u0022location bold\u0022 \u003E\n                              \u003Cspan \u003ELuxembourg\u003C\/span\u003E, \u003Cspan \u003ELuxembourg\u003C\/span\u003E\n                            \u003C\/span\u003E\n                                                                  \u003C\/span\u003E\n              \n            \u003C\/span\u003E\n            \u003Cspan class=\u0022other_languages\u0022\u003E\n                \u003Cspan class=\u0022available_languages\u0022\u003E\n                                    \u003C\/span\u003E\n            \u003C\/span\u003E\n\n          \u003Cdiv class=\u0022moreStructuredData hide\u0022\u003E\n                      \u003C\/div\u003E\n        \u003C\/div\u003E\n                  \u003Cdiv class=\u0027second-column columns large-3 medium-3 small-6\u0027\u003E\n              \u003Cdiv class=\u0022logo-wrapper\u0022\u003E\n                  \u003Cimg class=\u0022logo b-lazy\u0022 data-src=\u0022https:\/\/cdn.inomics.com\/transform\/scale,h=110,w=110:webp\/7e592eae33ce437eeea34c837283be9b.png\u0022 src=\u0022data:image\/gif;base64,R0lGODlhAQABAAAAACH5BAEKAAEALAAAAAABAAEAAAICTAEAOw==\u0022 alt=\u0022Logo for Banque centrale du Luxembourg\u0022 height=\u002232\u0022 width=\u0022110\u0022 \/\u003E\n              \u003C\/div\u003E\n          \u003C\/div\u003E\n              \u003C\/div\u003E\n    \u003C\/div\u003E\n  \u003C\/a\u003E\n\u003C\/li\u003E\n\u003C\/li\u003E\n        \u003Cli\u003E \u003Ca class=\u0022post-link \u0022  href=\u0022\/job\/lecturer-economics-1553363\u0022 ga-on=\u0022click,auxclick,contextmenu\u0022 ga-event-label=\u0022\/job\/lecturer-economics-1553363\u0022\nga-event-category=\u0022Organic Link\u0022\n\u003E\n        \u003Cdiv class=\u0022post-summary-opacity\u0022\u003E\n      \u003Cdiv class=\u0027row post-summary-row\u0027 \u003E\n                \u003Cdiv class=\u0027columns first-column large-13 medium-13 small-10\u0027\u003E\n                                \u003Cul class=\u0022psh\u0022\u003E\n                \u003Cli\u003E\n                                    \u003Cspan class=\u0027type-badge\u0027\u003E\n                    Assistant Professor \/ Lecturer Job\n                  \u003C\/span\u003E\n                \u003C\/li\u003E\n                                                    \u003Cli class=\u0022since\u0022\u003E\n                      Posted 2 weeks ago\n                    \u003C\/li\u003E\n                              \u003C\/ul\u003E\n                    \u003Ch2\u003E\n            Lecturer, Economics\n          \u003C\/h2\u003E\n          \u003Cspan content=\u0022This is a teaching-focused position centered on undergraduate instruction and student success. The successful candidate will teach core economics courses, including Principles of Economics, Microeconomics, and Macroeconomics, as well as occasional electives.Wentworth is a teaching-focused polytechnic university serving a diverse, career-oriented student population. We are seeking a colleague with proven teaching competence and a strong record of working effectively with students in settings similar to ours.Key Responsibilities:\u0022\u003E\u003C\/span\u003E\n          \u003Cspan class=\u0022informations\u0022\u003E\n\n                                \u003Cspan content=\u0022Lecturer, Economics\u0022\u003E\u003C\/span\u003E\n                  \u003Cspan content=\u002215-04-2026\u0022\u003E\u003C\/span\u003E\n                                          At\n                                                                      \u003Cspan class=\u0022bold\u0022 class=\u0022location\u0022\u003EWentworth Institute of Technology\u003C\/span\u003E\n                                                            \u003Cspan\u003E\n                                              in\n                                                                                  \u003Cspan class=\u0022location bold\u0022 \u003E\n                              \u003Cspan \u003EBoston\u003C\/span\u003E, \u003Cspan \u003EUnited States\u003C\/span\u003E\n                            \u003C\/span\u003E\n                                                                  \u003C\/span\u003E\n              \n            \u003C\/span\u003E\n            \u003Cspan class=\u0022other_languages\u0022\u003E\n                \u003Cspan class=\u0022available_languages\u0022\u003E\n                                    \u003C\/span\u003E\n            \u003C\/span\u003E\n\n          \u003Cdiv class=\u0022moreStructuredData hide\u0022\u003E\n                      \u003C\/div\u003E\n        \u003C\/div\u003E\n                  \u003Cdiv class=\u0027second-column columns large-3 medium-3 small-6\u0027\u003E\n              \u003Cdiv class=\u0022logo-wrapper\u0022\u003E\n                  \u003Cimg class=\u0022logo b-lazy\u0022 data-src=\u0022https:\/\/cdn.inomics.com\/transform\/scale,h=110,w=110:webp\/bc5cbc549814598b079940b0f3c84710.png\u0022 src=\u0022data:image\/gif;base64,R0lGODlhAQABAAAAACH5BAEKAAEALAAAAAABAAEAAAICTAEAOw==\u0022 alt=\u0022Logo for Wentworth Institute of Technology\u0022 height=\u0022\u0022 width=\u0022\u0022 \/\u003E\n              \u003C\/div\u003E\n          \u003C\/div\u003E\n              \u003C\/div\u003E\n    \u003C\/div\u003E\n  \u003C\/a\u003E\n\u003C\/li\u003E\n\u003C\/li\u003E\n        \u003Cli\u003E \u003Ca class=\u0022post-link \u0022  href=\u0022\/job\/senior-manager-global-health-economics-and-outcomes-research-1553294\u0022 ga-on=\u0022click,auxclick,contextmenu\u0022 ga-event-label=\u0022\/job\/senior-manager-global-health-economics-and-outcomes-research-1553294\u0022\nga-event-category=\u0022Organic Link\u0022\n\u003E\n        \u003Cdiv class=\u0022post-summary-opacity\u0022\u003E\n      \u003Cdiv class=\u0027row post-summary-row\u0027 \u003E\n                \u003Cdiv class=\u0027columns first-column large-13 medium-13 small-10\u0027\u003E\n                                \u003Cul class=\u0022psh\u0022\u003E\n                \u003Cli\u003E\n                                    \u003Cspan class=\u0027type-badge\u0027\u003E\n                    Executive \/ Senior Industry Job\n                  \u003C\/span\u003E\n                \u003C\/li\u003E\n                                                    \u003Cli class=\u0022since\u0022\u003E\n                      Posted 2 weeks ago\n                    \u003C\/li\u003E\n                              \u003C\/ul\u003E\n                    \u003Ch2\u003E\n            Senior Manager Global Health Economics and Outcomes Research\n          \u003C\/h2\u003E\n          \u003Cspan content=\u0022Pioneering trusted medical solutions to improve the lives we touch:\u0022\u003E\u003C\/span\u003E\n          \u003Cspan class=\u0022informations\u0022\u003E\n\n                                \u003Cspan content=\u0022Senior Manager Global Health Economics and Outcomes Research\u0022\u003E\u003C\/span\u003E\n                  \u003Cspan content=\u002214-04-2026\u0022\u003E\u003C\/span\u003E\n                                          At\n                                                                      \u003Cspan class=\u0022bold\u0022 class=\u0022location\u0022\u003EConvatec\u003C\/span\u003E\n                                                            \u003Cspan\u003E\n                                              in\n                                                                                  \u003Cspan class=\u0022location bold\u0022 \u003E\n                              \u003Cspan \u003EMunich\u003C\/span\u003E, \u003Cspan \u003EGermany\u003C\/span\u003E\n                            \u003C\/span\u003E\n                                                                  \u003C\/span\u003E\n              \n            \u003C\/span\u003E\n            \u003Cspan class=\u0022other_languages\u0022\u003E\n                \u003Cspan class=\u0022available_languages\u0022\u003E\n                                    \u003C\/span\u003E\n            \u003C\/span\u003E\n\n          \u003Cdiv class=\u0022moreStructuredData hide\u0022\u003E\n                      \u003C\/div\u003E\n        \u003C\/div\u003E\n                  \u003Cdiv class=\u0027second-column columns large-3 medium-3 small-6\u0027\u003E\n              \u003Cdiv class=\u0022logo-wrapper\u0022\u003E\n                  \u003Cimg class=\u0022logo b-lazy\u0022 data-src=\u0022https:\/\/cdn.inomics.com\/transform\/scale,h=110,w=110:webp\/50497cef93df75cefcf16d25e7341d34.png\u0022 src=\u0022data:image\/gif;base64,R0lGODlhAQABAAAAACH5BAEKAAEALAAAAAABAAEAAAICTAEAOw==\u0022 alt=\u0022Logo for Convatec\u0022 height=\u0022\u0022 width=\u0022\u0022 \/\u003E\n              \u003C\/div\u003E\n          \u003C\/div\u003E\n              \u003C\/div\u003E\n    \u003C\/div\u003E\n  \u003C\/a\u003E\n\u003C\/li\u003E\n\u003C\/li\u003E\n        \u003Cli\u003E \u003Ca class=\u0022post-link \u0022  href=\u0022\/job\/phd-position-at-the-chair-of-policy-sustainability-pasu-1553361\u0022 ga-on=\u0022click,auxclick,contextmenu\u0022 ga-event-label=\u0022\/job\/phd-position-at-the-chair-of-policy-sustainability-pasu-1553361\u0022\nga-event-category=\u0022Organic Link\u0022\n\u003E\n        \u003Cdiv class=\u0022post-summary-opacity\u0022\u003E\n      \u003Cdiv class=\u0027row post-summary-row\u0027 \u003E\n                \u003Cdiv class=\u0027columns first-column large-13 medium-13 small-10\u0027\u003E\n                                \u003Cul class=\u0022psh\u0022\u003E\n                \u003Cli\u003E\n                                    \u003Cspan class=\u0027type-badge\u0027\u003E\n                    PhD Candidate Job\n                  \u003C\/span\u003E\n                \u003C\/li\u003E\n                                                    \u003Cli class=\u0022since\u0022\u003E\n                      Posted 2 weeks ago\n                    \u003C\/li\u003E\n                              \u003C\/ul\u003E\n                    \u003Ch2\u003E\n            PhD Position at the Chair of Policy \u0026amp; Sustainability (PASU) \n          \u003C\/h2\u003E\n          \u003Cspan content=\u0022Main tasks and responsibilitiesAs a PhD Student, you will be expected to:Full responsibility for your own dissertationResearch in close collaboration with industry partnersParticipate in educationNCCR CLIM+ Vision and Equal Opportunity Statements\u0022\u003E\u003C\/span\u003E\n          \u003Cspan class=\u0022informations\u0022\u003E\n\n                                \u003Cspan content=\u0022PhD Position at the Chair of Policy \u0026amp; Sustainability (PASU) \u0022\u003E\u003C\/span\u003E\n                  \u003Cspan content=\u002214-04-2026\u0022\u003E\u003C\/span\u003E\n                                          At\n                                                                      \u003Cspan class=\u0022bold\u0022 class=\u0022location\u0022\u003ECollege of Management of Technology, EPFL\u003C\/span\u003E\n                                                            \u003Cspan\u003E\n                                              in\n                                                                                  \u003Cspan class=\u0022location bold\u0022 \u003E\n                              \u003Cspan \u003ELausanne\u003C\/span\u003E, \u003Cspan \u003ESwitzerland\u003C\/span\u003E\n                            \u003C\/span\u003E\n                                                                  \u003C\/span\u003E\n              \n            \u003C\/span\u003E\n            \u003Cspan class=\u0022other_languages\u0022\u003E\n                \u003Cspan class=\u0022available_languages\u0022\u003E\n                                    \u003C\/span\u003E\n            \u003C\/span\u003E\n\n          \u003Cdiv class=\u0022moreStructuredData hide\u0022\u003E\n                      \u003C\/div\u003E\n        \u003C\/div\u003E\n                  \u003Cdiv class=\u0027second-column columns large-3 medium-3 small-6\u0027\u003E\n              \u003Cdiv class=\u0022logo-wrapper\u0022\u003E\n                  \u003Cimg class=\u0022logo b-lazy\u0022 data-src=\u0022https:\/\/cdn.inomics.com\/transform\/scale,h=110,w=110:webp\/7519e051e169646b97a4901446d4f3bc.png\u0022 src=\u0022data:image\/gif;base64,R0lGODlhAQABAAAAACH5BAEKAAEALAAAAAABAAEAAAICTAEAOw==\u0022 alt=\u0022Logo for College of Management of Technology, EPFL\u0022 height=\u0022\u0022 width=\u0022\u0022 \/\u003E\n              \u003C\/div\u003E\n          \u003C\/div\u003E\n              \u003C\/div\u003E\n    \u003C\/div\u003E\n  \u003C\/a\u003E\n\u003C\/li\u003E\n\u003C\/li\u003E\n        \u003Cli\u003E \u003Ca class=\u0022post-link \u0022  href=\u0022\/job\/apply-now-two-phd-positions-within-the-dfg-funded-research-training-group-ecorisk-1553267\u0022 ga-on=\u0022click,auxclick,contextmenu\u0022 ga-event-label=\u0022\/job\/apply-now-two-phd-positions-within-the-dfg-funded-research-training-group-ecorisk-1553267\u0022\nga-event-category=\u0022Organic Link\u0022\n\u003E\n        \u003Cdiv class=\u0022post-summary-opacity\u0022\u003E\n      \u003Cdiv class=\u0027row post-summary-row\u0027 \u003E\n                \u003Cdiv class=\u0027columns first-column large-13 medium-13 small-10\u0027\u003E\n                                \u003Cul class=\u0022psh\u0022\u003E\n                \u003Cli\u003E\n                                    \u003Cspan class=\u0027type-badge\u0027\u003E\n                    PhD Candidate Job\n                  \u003C\/span\u003E\n                \u003C\/li\u003E\n                                  \u003Cli class=\u0022attendance\u0022\u003E\n                    (Hybrid)\n                  \u003C\/li\u003E\n                                                    \u003Cli class=\u0022since\u0022\u003E\n                      Posted 3 weeks ago\n                    \u003C\/li\u003E\n                              \u003C\/ul\u003E\n                    \u003Ch2\u003E\n            APPLY NOW: Two PhD positions within the DFG-funded Research Training Group ECORISK\n          \u003C\/h2\u003E\n          \u003Cspan content=\u0022With a starting date on October 1st, 2026, we offer a total of 10 PhD positions (m\/f\/d, pay grade 13 TV-L, 75%, for three years. A list of all positions is available on the\u0026amp;nbsp;project website. Application deadline April 30, 2026.\u0022\u003E\u003C\/span\u003E\n          \u003Cspan class=\u0022informations\u0022\u003E\n\n                                \u003Cspan content=\u0022APPLY NOW: Two PhD positions within the DFG-funded Research Training Group ECORISK\u0022\u003E\u003C\/span\u003E\n                  \u003Cspan content=\u002207-04-2026\u0022\u003E\u003C\/span\u003E\n                                          At\n                                                                      \u003Cspan class=\u0022bold\u0022 class=\u0022location\u0022\u003EOsnabruck University, School of Economics and Business Administration\u003C\/span\u003E\n                                                            \u003Cspan\u003E\n                                              in\n                                                                                  \u003Cspan class=\u0022location bold\u0022 \u003E\n                              \u003Cspan \u003EOsnabr\u00fcck\u003C\/span\u003E, \u003Cspan \u003EGermany\u003C\/span\u003E\n                            \u003C\/span\u003E\n                                                                  \u003C\/span\u003E\n              \n            \u003C\/span\u003E\n            \u003Cspan class=\u0022other_languages\u0022\u003E\n                \u003Cspan class=\u0022available_languages\u0022\u003E\n                                    \u003C\/span\u003E\n            \u003C\/span\u003E\n\n          \u003Cdiv class=\u0022moreStructuredData hide\u0022\u003E\n                      \u003C\/div\u003E\n        \u003C\/div\u003E\n                  \u003Cdiv class=\u0027second-column columns large-3 medium-3 small-6\u0027\u003E\n              \u003Cdiv class=\u0022logo-wrapper\u0022\u003E\n                  \u003Cimg class=\u0022logo b-lazy\u0022 data-src=\u0022https:\/\/cdn.inomics.com\/transform\/scale,h=110,w=110:webp\/e5cf4b1c2169f1d9c8ddce8d5f56632b.jpg\u0022 src=\u0022data:image\/gif;base64,R0lGODlhAQABAAAAACH5BAEKAAEALAAAAAABAAEAAAICTAEAOw==\u0022 alt=\u0022Logo for Osnabruck University, School of Economics and Business Administration\u0022 height=\u002284\u0022 width=\u0022110\u0022 \/\u003E\n              \u003C\/div\u003E\n          \u003C\/div\u003E\n              \u003C\/div\u003E\n    \u003C\/div\u003E\n  \u003C\/a\u003E\n\u003C\/li\u003E\n\u003C\/li\u003E\n            \u003C\/ul\u003E\n  \u003Cnav class=\u0022pager\u0022 role=\u0022navigation\u0022 aria-labelledby=\u0022pagination-heading\u0022\u003E\n    \u003Cp id=\u0022pagination-heading\u0022 class=\u0022visually-hidden\u0022\u003EPagination\u003C\/p\u003E\n    \u003Cul class=\u0022pagination pager__items js-pager__items\u0022\u003E\n                                                                        \u003Cli class=\u0022pager__item is-active current \u0022\u003E\n                                          \u003Ca href=\u0022?job=job%2Cjob-postdoc\u0026amp;page=0\u0022 title=\u0022Current page\u0022 aria-current=\u0022page\u0022\u003E\n            \u003Cspan class=\u0022visually-hidden\u0022\u003E\n              Current page\n            \u003C\/span\u003E1\u003C\/a\u003E\n        \u003C\/li\u003E\n                              \u003Cli class=\u0022pager__item \u0022\u003E\n                                          \u003Ca href=\u0022?job=job%2Cjob-postdoc\u0026amp;page=1\u0022 title=\u0022Go to page 2\u0022\u003E\n            \u003Cspan class=\u0022visually-hidden\u0022\u003E\n              Page\n            \u003C\/span\u003E2\u003C\/a\u003E\n        \u003C\/li\u003E\n                              \u003Cli class=\u0022pager__item \u0022\u003E\n                                          \u003Ca href=\u0022?job=job%2Cjob-postdoc\u0026amp;page=2\u0022 title=\u0022Go to page 3\u0022\u003E\n            \u003Cspan class=\u0022visually-hidden\u0022\u003E\n              Page\n            \u003C\/span\u003E3\u003C\/a\u003E\n        \u003C\/li\u003E\n                              \u003Cli class=\u0022pager__item hide-for-small-only hide-for-medium-down\u0022\u003E\n                                          \u003Ca href=\u0022?job=job%2Cjob-postdoc\u0026amp;page=3\u0022 title=\u0022Go to page 4\u0022\u003E\n            \u003Cspan class=\u0022visually-hidden\u0022\u003E\n              Page\n            \u003C\/span\u003E4\u003C\/a\u003E\n        \u003C\/li\u003E\n                              \u003Cli class=\u0022pager__item hide-for-small-only hide-for-medium-down\u0022\u003E\n                                          \u003Ca href=\u0022?job=job%2Cjob-postdoc\u0026amp;page=4\u0022 title=\u0022Go to page 5\u0022\u003E\n            \u003Cspan class=\u0022visually-hidden\u0022\u003E\n              Page\n            \u003C\/span\u003E5\u003C\/a\u003E\n        \u003C\/li\u003E\n                                      \u003Cli class=\u0022pager__item pager__item--next\u0022\u003E\n          \u003Ca href=\u0022?job=job%2Cjob-postdoc\u0026amp;page=1\u0022 title=\u0022Go to next page\u0022 rel=\u0022next\u0022\u003E\n            \u003Cspan class=\u0022visually-hidden\u0022\u003ENext page\u003C\/span\u003E\n            \u003Cspan aria-hidden=\u0022true\u0022\u003Enext \u203a\u003C\/span\u003E\n          \u003C\/a\u003E\n        \u003C\/li\u003E\n                          \u003Cli class=\u0022pager__item pager__item--last\u0022\u003E\n          \u003Ca href=\u0022?job=job%2Cjob-postdoc\u0026amp;page=4\u0022 title=\u0022Go to last page\u0022\u003E\n            \u003Cspan class=\u0022visually-hidden\u0022\u003ELast page\u003C\/span\u003E\n            \u003Cspan aria-hidden=\u0022true\u0022\u003Elast \u00bb\u003C\/span\u003E\n          \u003C\/a\u003E\n        \u003C\/li\u003E\n          \u003C\/ul\u003E\n  \u003C\/nav\u003E\n","settings":null},{"command":"insert","method":"replaceWith","selector":"#filter-details","data":"\u003Cspan id=\u0022filter-details\u0022\u003EPostdoc 2026\u003C\/span\u003E","settings":null},{"command":"insert","method":"replaceWith","selector":"#filter-count-number","data":"\u003Cspan id=\u0022filter-count-number\u0022\u003E93\u003C\/span\u003E","settings":null},{"command":"insert","method":"replaceWith","selector":"meta[name=title]","data":"\u003Cmeta name=\u0022title\u0022 content=\u0022Top 93 Jobs Postdoc Jobs 2026 | INOMICS - The Site for Economists\u0022\u003E","settings":null},{"command":"insert","method":"replaceWith","selector":"title","data":"\u003Ctitle\u003ETop 93 Jobs Postdoc Jobs 2026 | INOMICS - The Site for Economists\u003C\/title\u003E","settings":null}]